{"id":2086,"date":"2020-11-17T13:39:08","date_gmt":"2020-11-17T12:39:08","guid":{"rendered":"https:\/\/site.uit.no\/viscam\/?p=2086"},"modified":"2021-09-16T20:12:17","modified_gmt":"2021-09-16T18:12:17","slug":"awoudou-ways-of-seeing-fr","status":"publish","type":"post","link":"https:\/\/site.uit.no\/viscam\/2020\/11\/17\/awoudou-ways-of-seeing-fr\/","title":{"rendered":"Awoudou ways of seeing (FR)"},"content":{"rendered":"<p><span style=\"color: #000000\"><b><strong>Cin\u00e9aste:&nbsp;<\/strong><\/b>Amandine Tezore<\/span><\/p>\n<p><span style=\"color: #000000\"><b><strong>Ann\u00e9e de production:&nbsp;<\/strong><\/b>2020<\/span><br \/>\n<span style=\"color: #000000\"><b><strong>Lieu: <\/strong><\/b>r\u00e9gion de l&#8217;Extr\u00eame-Nord, Cameroun<\/span><br \/>\n<span style=\"color: #000000\"><b><strong>Dur\u00e9e:&nbsp; <\/strong><\/b>37&nbsp;minutes<\/span><br \/>\n<span style=\"color: #000000\"><b><strong>Son:<\/strong><\/b>&nbsp;mono<\/span><br \/>\n<span style=\"color: #000000\"><b><strong>Language: <\/strong><\/b>peul, moundang,&nbsp;fran\u00e7ais<\/span><br \/>\n<span style=\"color: #000000\"><b><strong>Sous-titrage: <\/strong><\/b>anglais<\/span><\/p>\n<p><span style=\"color: #000000\">Les attaques de Boko Haram ont pouss\u00e9es plusieurs habitants des zones frontali\u00e8res du Cameroun et du Nigeria \u00e0 d\u00e9sert\u00e9s leurs villages natal. C\u2019est ainsi que toute la famille D\u2019Awoudou fut d\u00e9cim\u00e9e pendant les attaques de Boko Haram \u00e0 Kolofata en 2016. Il eu la vie sauve gr\u00e2ce au voyage effectu\u00e9 ce jour pour l\u2019achat de ses marchandises. Ainsi, cette nuit Boko Haram \u00f4ta sa dignit\u00e9, sa famille, son autonomie financi\u00e8re et au del\u00e0 de toute exp\u00e9rience, sa vue. \u00ab&nbsp;Awoudou ways of seeing&nbsp;\u00bb est un film sur la vie quotidienne d\u2019Awoudou dans le camp de Zamai, Mayo Tsanaga, Cameroun. Il r\u00e9v\u00e8le son combat continu pour sa survie malgr\u00e9 les diff\u00e9rents dilemmes. Son enthousiasme pour la survie va au del\u00e0 de son handicape. Il a su cr\u00e9er des relations qui le lient \u00e0 la population. Cr\u00e9ant ainsi une lueur d\u2019espoir, de joie et des \u00e9paules sur qui compt\u00e9s. Malheureusement, l\u2019appartenance \u00e0 un autre groupe ethnique et religieux ne facilite pas son admission dans le camp.<\/span><\/p>\n<p><span style=\"color: #000000\"><strong>Copyright: \u00c9tudes culturelles visuelles 2020, Universit\u00e9 de Troms\u00f8<\/strong><\/span><\/p>\n<p><strong><a href=\"https:\/\/uitno.app.box.com\/file\/727623561830?s=xix8lvfm0hfw3rqbzqwkrhu36zx5z2ku\">Regarder le film<\/a><\/strong><\/p>\n<h2 class=\"western\"><span style=\"color: #000000\">Thesis<\/span><\/h2>\n<p><span style=\"color: #000000\">Not available.<\/span><\/p>\n","protected":false},"excerpt":{"rendered":"<p>Cin\u00e9aste:&nbsp;Amandine Tezore Ann\u00e9e de production:&nbsp;2020 Lieu: r\u00e9gion de l&#8217;Extr\u00eame-Nord, Cameroun Dur\u00e9e:&nbsp; 37&nbsp;minutes Son:&nbsp;mono Language: peul, moundang,&nbsp;fran\u00e7ais Sous-titrage: anglais Les attaques de Boko Haram ont pouss\u00e9es plusieurs habitants des zones frontali\u00e8res du Cameroun et du&#46;&#46;&#46;<\/p>\n","protected":false},"author":1163,"featured_media":2516,"comment_status":"closed","ping_status":"closed","sticky":false,"template":"","format":"standard","meta":{"ngg_post_thumbnail":0,"footnotes":""},"categories":[328,138,141,193,189,354,187],"tags":[],"class_list":["post-2086","post","type-post","status-publish","format-standard","has-post-thumbnail","hentry","category-2020-fr","category-afrique","category-cameroun","category-guerre","category-la-migration","category-politique","category-sante"],"_links":{"self":[{"href":"https:\/\/site.uit.no\/viscam\/wp-json\/wp\/v2\/posts\/2086","targetHints":{"allow":["GET"]}}],"collection":[{"href":"https:\/\/site.uit.no\/viscam\/wp-json\/wp\/v2\/posts"}],"about":[{"href":"https:\/\/site.uit.no\/viscam\/wp-json\/wp\/v2\/types\/post"}],"author":[{"embeddable":true,"href":"https:\/\/site.uit.no\/viscam\/wp-json\/wp\/v2\/users\/1163"}],"replies":[{"embeddable":true,"href":"https:\/\/site.uit.no\/viscam\/wp-json\/wp\/v2\/comments?post=2086"}],"version-history":[{"count":9,"href":"https:\/\/site.uit.no\/viscam\/wp-json\/wp\/v2\/posts\/2086\/revisions"}],"predecessor-version":[{"id":3680,"href":"https:\/\/site.uit.no\/viscam\/wp-json\/wp\/v2\/posts\/2086\/revisions\/3680"}],"wp:featuredmedia":[{"embeddable":true,"href":"https:\/\/site.uit.no\/viscam\/wp-json\/wp\/v2\/media\/2516"}],"wp:attachment":[{"href":"https:\/\/site.uit.no\/viscam\/wp-json\/wp\/v2\/media?parent=2086"}],"wp:term":[{"taxonomy":"category","embeddable":true,"href":"https:\/\/site.uit.no\/viscam\/wp-json\/wp\/v2\/categories?post=2086"},{"taxonomy":"post_tag","embeddable":true,"href":"https:\/\/site.uit.no\/viscam\/wp-json\/wp\/v2\/tags?post=2086"}],"curies":[{"name":"wp","href":"https:\/\/api.w.org\/{rel}","templated":true}]}}