{"id":2545,"date":"2020-12-29T10:48:17","date_gmt":"2020-12-29T09:48:17","guid":{"rendered":"https:\/\/site.uit.no\/viscam\/?p=2545"},"modified":"2021-09-16T21:23:59","modified_gmt":"2021-09-16T19:23:59","slug":"le-quatrieme-atelier-viscam-du-10-au-15-janvier-2021","status":"publish","type":"post","link":"https:\/\/site.uit.no\/viscam\/2020\/12\/29\/le-quatrieme-atelier-viscam-du-10-au-15-janvier-2021\/","title":{"rendered":"Le quatri\u00e8me atelier VISCAM du 10 au 15 janvier 2021 !"},"content":{"rendered":"<div>\n<p><span style=\"color: #000000\"><span lang=\"fr\">Chers coll\u00e8gues, Chers \u00e9tudient, chers tous qui font partie de projet VISCAM<\/span><b><span lang=\"fr\">&nbsp;<\/span><\/b><\/span><\/p>\n<p><span style=\"color: #000000\"><span lang=\"fr\">Le quatri\u00e8me atelier VISCAM se approche&nbsp;! Du 10 au 15 janvier 2021, il se tiendra \u00e0 l&#8217;Universit\u00e9 de Maroua. Au Maroua les pr\u00e9paratifs sont d\u00e9j\u00e0 en route. Nous esp\u00e9rons et croyons que l\u2019\u00e9dition de cette ann\u00e9e sera \u00e9galement autant de succ\u00e8s que les versons des ann\u00e9es pr\u00e9c\u00e9dentes.&nbsp; <\/span><span lang=\"fr\"><br \/>\n<\/span><\/span><\/p>\n<p><span style=\"color: #000000\"><span lang=\"fr\">Et comme les ann\u00e9es pr\u00e9c\u00e9dentes, le s\u00e9minaire comportera les \u00e9l\u00e9ments de programme suivants:<\/span><span lang=\"fr\">&nbsp;<\/span><\/span><\/p>\n<p><span style=\"color: #000000\"><span lang=\"fr\">1) Projections de films \u2013 tout des films r\u00e9alis\u00e9s sous les auspices du programme l&#8217;ann\u00e9e derni\u00e8re va \u00eatre projet\u00e9 <\/span><span lang=\"fr\">&nbsp;<\/span><\/span><\/p>\n<p><span style=\"color: #000000\"><span lang=\"fr\">2) Affichage des images\/enregistrements r\u00e9alis\u00e9s par les \u00e9tudiants de ma\u00eetrise et de doctorat pendant le travail de terrain <\/span>&nbsp;<\/span><\/p>\n<p><span style=\"color: #000000\"><span lang=\"fr\">3) Pr\u00e9sentation d&#8217;articles &#8211; li\u00e9s \u00e0 l&#8217;appel \u00e0 communications (Call for Paper) Regardez ci-dessous<\/span><span lang=\"fr\">&nbsp;<\/span><\/span><\/p>\n<p><span style=\"color: #000000\"><span lang=\"fr\">En raison de la situation COVID, l&#8217;atelier de cette ann\u00e9e sera diff\u00e9rent des ann\u00e9es pr\u00e9c\u00e9dentes. Il n&#8217;y aura pas de visiteurs de Norv\u00e8ge au Cameroun cette fois.<\/span><span lang=\"fr\">&nbsp;<\/span><\/span><\/p>\n<p><span style=\"color: #000000\"><span lang=\"fr\">C&#8217;est pourquoi les participants norv\u00e9giens participeront au s\u00e9minaire sur Internet (Zoom).<\/span><span lang=\"fr\">&nbsp;<\/span><\/span><\/p>\n<p><span style=\"color: #000000\"><span lang=\"fr\">Cela nous donne des quelques d\u00e9fis pour la conduite du s\u00e9minaire&nbsp;: <\/span><span lang=\"fr\">&nbsp;<\/span><\/span><\/p>\n<p><span style=\"color: #000000\"><strong><span lang=\"fr\">Concernant les points 1 et 2<\/span><span lang=\"fr\">&nbsp;<\/span><\/strong><\/span><\/p>\n<p><span style=\"color: #000000\"><span lang=\"fr\">D\u2019abord pour eux qui doivent pr\u00e9senter des films faites et eux qui doivent pr\u00e9senter des images doivent avoir fait une s\u00e9lection de 30 minutes (de s\u00e9quences montrant des situations \/ processus importants du travail de terrain). Les \u00e9tudiants auxquels cela s&#8217;applique seront inform\u00e9s plus en d\u00e9tail par leur universit\u00e9 d&#8217;origine de la mani\u00e8re dont cela doit \u00eatre organis\u00e9.<\/span><span lang=\"fr\">Le mat\u00e9riel doit \u00eatre t\u00e9l\u00e9charg\u00e9 sur VIMEO ou envoy\u00e9 par FILESENDER<\/span><span lang=\"fr\">&nbsp;<\/span><\/span><\/p>\n<p><span style=\"color: #000000\"><span lang=\"fr\">Il n&#8217;est pas possible de visualiser des films \/ images en direct via la fonction de partage d&#8217;\u00e9cran en Zoom\/WhatsApp\/Teams avec une connexion internet instable. Par cons\u00e9quent, cela doit \u00eatre g\u00e9r\u00e9 de cette mani\u00e8re. Il est <\/span><span lang=\"fr\"><u>tr\u00e8s important<\/u><\/span><span lang=\"fr\"> que les films et le mat\u00e9riel soient pr\u00e9par\u00e9s pour la transmission avant le <\/span><strong><span lang=\"fr\">05.01.21<\/span><\/strong><span lang=\"fr\"><strong>.<\/strong> Le mat\u00e9riel est pr\u00e9sent\u00e9 aux coordinateurs de VISCAM \u00e0 Maroua et \u00e0 Ngaound\u00e9r\u00e9<\/span><span lang=\"fr\">&nbsp;<\/span><\/span><\/p>\n<p><span style=\"color: #000000\"><strong><span lang=\"fr\">Concernant point 3 \u2013 pr\u00e9sentation de la recherche <\/span><span lang=\"fr\">&nbsp;<\/span><\/strong><\/span><\/p>\n<p><span style=\"color: #000000\"><span lang=\"fr\">Le projet VISCAM est maintenant dans sa phase finale&#8230;<\/span><span lang=\"fr\">Par cons\u00e9quent, les pr\u00e9sentations cette fois, pr\u00e9senteront les r\u00e9sultats que nous avons \u00e0 travers les nombreux projets de recherche int\u00e9ressants qui ont \u00e9t\u00e9 r\u00e9alis\u00e9s pendant cette p\u00e9riode. Ceci est comme suppos\u00e9 dans les plans orignaux du projet.<\/span><span lang=\"fr\">&nbsp; <\/span><span lang=\"fr\">&nbsp;<\/span><\/span><\/p>\n<p><span style=\"color: #000000\"><strong><span lang=\"fr\">Appel \u00e0 contribution \/Call for paper <\/span><span lang=\"fr\">(CFP)<\/span><span lang=\"fr\">&nbsp;<\/span><\/strong><\/span><\/p>\n<p><span style=\"color: #000000\"><span lang=\"fr\">Le th\u00e8me est le suivant&nbsp;: <\/span><span lang=\"fr\">&nbsp;<\/span><\/span><\/p>\n<p><span style=\"color: #000000\"><strong><span lang=\"fr\">\u00ab Changement des strat\u00e9gies et moyens de subsistance au nord du Cameroun \u00bb.<\/span><span lang=\"fr\">&nbsp;<\/span>&nbsp;<span lang=\"fr\">&nbsp;<\/span><span lang=\"fr\">&nbsp;<\/span><\/strong><\/span><\/p>\n<p><span style=\"color: #000000\">Sur la base d&#8217;\u00e9tudes empiriques, ces contributions permettront d&#8217;\u00e9lucider comment le changement climatique, la migration, les conflits et d&#8217;autres formes d&#8217;ins\u00e9curit\u00e9 affectent les moyens de subsistance dans la r\u00e9gion. &nbsp;<span lang=\"fr\">&nbsp;<\/span><\/span><\/p>\n<p><span style=\"color: #000000\"><span lang=\"fr\">Apr\u00e8s le s\u00e9minaire, nous le Comit\u00e9 scientifique du VISCAM, examinerons si nous avons suffisamment de contributions, avec une telle qualit\u00e9, qu\u2019ils peuvent \u00eatre publie dans un <\/span><span lang=\"fr\">num\u00e9ro sp\u00e9cial de la revue Annales de la FALSH. &nbsp;<\/span> <span lang=\"fr\">&nbsp;<\/span><\/span><\/p>\n<p><span style=\"color: #000000\"><span lang=\"fr\">Nous attendons de vous que vous envoyiez le r\u00e9sum\u00e9 pour un article aux trois coordinateurs Mouazamou, Moussima et Waage au plus tard le 6 janvier. Le programme final sera disponible le 8 janvier <\/span><span lang=\"fr\">&nbsp;<\/span><\/span><\/p>\n<p><span style=\"color: #000000\" lang=\"fr\">Avec cela nous vous souhaitons une tr\u00e8s bonne ann\u00e9e!<\/span><\/p>\n<\/div>\n<div>\n<div>&nbsp;<\/div>\n<\/div>\n","protected":false},"excerpt":{"rendered":"<p>Chers coll\u00e8gues, Chers \u00e9tudient, chers tous qui font partie de projet VISCAM&nbsp; Le quatri\u00e8me atelier VISCAM se approche&nbsp;! Du 10 au 15 janvier 2021, il se tiendra \u00e0 l&#8217;Universit\u00e9 de Maroua. Au Maroua les&#46;&#46;&#46;<\/p>\n","protected":false},"author":1163,"featured_media":0,"comment_status":"closed","ping_status":"closed","sticky":false,"template":"","format":"standard","meta":{"ngg_post_thumbnail":0,"footnotes":""},"categories":[343],"tags":[],"class_list":["post-2545","post","type-post","status-publish","format-standard","hentry","category-blog-dactualites"],"_links":{"self":[{"href":"https:\/\/site.uit.no\/viscam\/wp-json\/wp\/v2\/posts\/2545","targetHints":{"allow":["GET"]}}],"collection":[{"href":"https:\/\/site.uit.no\/viscam\/wp-json\/wp\/v2\/posts"}],"about":[{"href":"https:\/\/site.uit.no\/viscam\/wp-json\/wp\/v2\/types\/post"}],"author":[{"embeddable":true,"href":"https:\/\/site.uit.no\/viscam\/wp-json\/wp\/v2\/users\/1163"}],"replies":[{"embeddable":true,"href":"https:\/\/site.uit.no\/viscam\/wp-json\/wp\/v2\/comments?post=2545"}],"version-history":[{"count":7,"href":"https:\/\/site.uit.no\/viscam\/wp-json\/wp\/v2\/posts\/2545\/revisions"}],"predecessor-version":[{"id":3755,"href":"https:\/\/site.uit.no\/viscam\/wp-json\/wp\/v2\/posts\/2545\/revisions\/3755"}],"wp:attachment":[{"href":"https:\/\/site.uit.no\/viscam\/wp-json\/wp\/v2\/media?parent=2545"}],"wp:term":[{"taxonomy":"category","embeddable":true,"href":"https:\/\/site.uit.no\/viscam\/wp-json\/wp\/v2\/categories?post=2545"},{"taxonomy":"post_tag","embeddable":true,"href":"https:\/\/site.uit.no\/viscam\/wp-json\/wp\/v2\/tags?post=2545"}],"curies":[{"name":"wp","href":"https:\/\/api.w.org\/{rel}","templated":true}]}}